{"id":14375,"date":"2025-09-15T15:04:50","date_gmt":"2025-09-15T13:04:50","guid":{"rendered":"https:\/\/muraplast.com\/?p=14375"},"modified":"2025-12-23T11:33:40","modified_gmt":"2025-12-23T10:33:40","slug":"muraplast-auf-der-fachpack-2025","status":"publish","type":"post","link":"https:\/\/muraplast.com\/de\/muraplast-auf-der-fachpack-2025\/","title":{"rendered":"Muraplast auf der Fachpack 2025"},"content":{"rendered":"\n<p>Wir freuen uns, Sie auf der <strong>FachPack 2025 \u2013 der europ\u00e4ischen Fachmesse f\u00fcr Verpackung, Technik und Prozesse<\/strong> \u2013 vom 23. bis 25. September 2025 in N\u00fcrnberg, Deutschland begr\u00fc\u00dfen zu d\u00fcrfen.<\/p>\n\n\n\n<p>Besuchen Sie uns in <strong>Halle 4, Stand 309<\/strong>, lernen Sie unser Team kennen und entdecken Sie, wie wir gemeinsam mit Verpackungen einen Unterschied machen k\u00f6nnen.<\/p>\n","protected":false},"excerpt":{"rendered":"<p>Wir freuen uns, Sie auf der FachPack 2025 \u2013 der europ\u00e4ischen Fachmesse f\u00fcr Verpackung, Technik und Prozesse \u2013 vom 23. bis 25. September 2025 in N\u00fcrnberg, Deutschland begr\u00fc\u00dfen zu d\u00fcrfen. Besuchen Sie uns in Halle 4, Stand 309, lernen Sie unser Team kennen und entdecken Sie, wie wir gemeinsam mit Verpackungen einen Unterschied machen k\u00f6nnen.<\/p>\n","protected":false},"author":6,"featured_media":14370,"comment_status":"closed","ping_status":"open","sticky":false,"template":"","format":"standard","meta":{"_et_pb_use_builder":"off","_et_pb_old_content":"","_et_gb_content_width":"","footnotes":""},"categories":[34],"tags":[],"class_list":["post-14375","post","type-post","status-publish","format-standard","has-post-thumbnail","hentry","category-neuigkeiten"],"yoast_head":"<!-- This site is optimized with the Yoast SEO plugin v17.9 - https:\/\/yoast.com\/wordpress\/plugins\/seo\/ -->\n<title>Muraplast auf der Fachpack 2025 | Muraplast d.o.o.<\/title>\n<meta name=\"robots\" content=\"index, follow, max-snippet:-1, max-image-preview:large, max-video-preview:-1\" \/>\n<link rel=\"canonical\" href=\"https:\/\/muraplast.com\/de\/muraplast-auf-der-fachpack-2025\/\" \/>\n<meta property=\"og:locale\" content=\"de_DE\" \/>\n<meta property=\"og:type\" content=\"article\" \/>\n<meta property=\"og:title\" content=\"Muraplast auf der Fachpack 2025 | Muraplast d.o.o.\" \/>\n<meta property=\"og:description\" content=\"Wir freuen uns, Sie auf der FachPack 2025 \u2013 der europ\u00e4ischen Fachmesse f\u00fcr Verpackung, Technik und Prozesse \u2013 vom 23. bis 25. September 2025 in N\u00fcrnberg, Deutschland begr\u00fc\u00dfen zu d\u00fcrfen. Besuchen Sie uns in Halle 4, Stand 309, lernen Sie unser Team kennen und entdecken Sie, wie wir gemeinsam mit Verpackungen einen Unterschied machen k\u00f6nnen.\" \/>\n<meta property=\"og:url\" content=\"https:\/\/muraplast.com\/de\/muraplast-auf-der-fachpack-2025\/\" \/>\n<meta property=\"og:site_name\" content=\"Muraplast d.o.o.\" \/>\n<meta property=\"article:published_time\" content=\"2025-09-15T13:04:50+00:00\" \/>\n<meta property=\"article:modified_time\" content=\"2025-12-23T10:33:40+00:00\" \/>\n<meta property=\"og:image\" content=\"https:\/\/muraplast.com\/wp-content\/uploads\/2025\/09\/Muraplast-na-sajmu-Fachpack-2025-a.jpg\" \/>\n\t<meta property=\"og:image:width\" content=\"1100\" \/>\n\t<meta property=\"og:image:height\" content=\"687\" \/>\n\t<meta property=\"og:image:type\" content=\"image\/jpeg\" \/>\n<meta name=\"twitter:card\" content=\"summary_large_image\" \/>\n<meta name=\"twitter:label1\" content=\"Verfasst von\" \/>\n\t<meta name=\"twitter:data1\" content=\"Marko Kedmenec\" \/>\n<script type=\"application\/ld+json\" class=\"yoast-schema-graph\">{\"@context\":\"https:\/\/schema.org\",\"@graph\":[{\"@type\":\"Organization\",\"@id\":\"https:\/\/muraplast.com\/en\/#organization\",\"name\":\"Muraplast\",\"url\":\"https:\/\/muraplast.com\/en\/\",\"sameAs\":[],\"logo\":{\"@type\":\"ImageObject\",\"@id\":\"https:\/\/muraplast.com\/en\/#logo\",\"inLanguage\":\"de\",\"url\":\"https:\/\/muraplast.com\/wp-content\/uploads\/2021\/07\/Muraplast-logo.png\",\"contentUrl\":\"https:\/\/muraplast.com\/wp-content\/uploads\/2021\/07\/Muraplast-logo.png\",\"width\":141,\"height\":93,\"caption\":\"Muraplast\"},\"image\":{\"@id\":\"https:\/\/muraplast.com\/en\/#logo\"}},{\"@type\":\"WebSite\",\"@id\":\"https:\/\/muraplast.com\/en\/#website\",\"url\":\"https:\/\/muraplast.com\/en\/\",\"name\":\"Muraplast d.o.o.\",\"description\":\"ekstruzija, fleksotisak, konverzija\",\"publisher\":{\"@id\":\"https:\/\/muraplast.com\/en\/#organization\"},\"potentialAction\":[{\"@type\":\"SearchAction\",\"target\":{\"@type\":\"EntryPoint\",\"urlTemplate\":\"https:\/\/muraplast.com\/en\/?s={search_term_string}\"},\"query-input\":\"required name=search_term_string\"}],\"inLanguage\":\"de\"},{\"@type\":\"ImageObject\",\"@id\":\"https:\/\/muraplast.com\/de\/muraplast-auf-der-fachpack-2025\/#primaryimage\",\"inLanguage\":\"de\",\"url\":\"https:\/\/muraplast.com\/wp-content\/uploads\/2025\/09\/Muraplast-na-sajmu-Fachpack-2025-a.jpg\",\"contentUrl\":\"https:\/\/muraplast.com\/wp-content\/uploads\/2025\/09\/Muraplast-na-sajmu-Fachpack-2025-a.jpg\",\"width\":1100,\"height\":687},{\"@type\":\"WebPage\",\"@id\":\"https:\/\/muraplast.com\/de\/muraplast-auf-der-fachpack-2025\/#webpage\",\"url\":\"https:\/\/muraplast.com\/de\/muraplast-auf-der-fachpack-2025\/\",\"name\":\"Muraplast auf der Fachpack 2025 | Muraplast d.o.o.\",\"isPartOf\":{\"@id\":\"https:\/\/muraplast.com\/en\/#website\"},\"primaryImageOfPage\":{\"@id\":\"https:\/\/muraplast.com\/de\/muraplast-auf-der-fachpack-2025\/#primaryimage\"},\"datePublished\":\"2025-09-15T13:04:50+00:00\",\"dateModified\":\"2025-12-23T10:33:40+00:00\",\"breadcrumb\":{\"@id\":\"https:\/\/muraplast.com\/de\/muraplast-auf-der-fachpack-2025\/#breadcrumb\"},\"inLanguage\":\"de\",\"potentialAction\":[{\"@type\":\"ReadAction\",\"target\":[\"https:\/\/muraplast.com\/de\/muraplast-auf-der-fachpack-2025\/\"]}]},{\"@type\":\"BreadcrumbList\",\"@id\":\"https:\/\/muraplast.com\/de\/muraplast-auf-der-fachpack-2025\/#breadcrumb\",\"itemListElement\":[{\"@type\":\"ListItem\",\"position\":1,\"name\":\"Po\\u010detna stranica\",\"item\":\"https:\/\/muraplast.com\/de\/\"},{\"@type\":\"ListItem\",\"position\":2,\"name\":\"Muraplast auf der Fachpack 2025\"}]},{\"@type\":\"Article\",\"@id\":\"https:\/\/muraplast.com\/de\/muraplast-auf-der-fachpack-2025\/#article\",\"isPartOf\":{\"@id\":\"https:\/\/muraplast.com\/de\/muraplast-auf-der-fachpack-2025\/#webpage\"},\"author\":{\"@id\":\"https:\/\/muraplast.com\/en\/#\/schema\/person\/5131bac640fb10138c9672d6dfa80def\"},\"headline\":\"Muraplast auf der Fachpack 2025\",\"datePublished\":\"2025-09-15T13:04:50+00:00\",\"dateModified\":\"2025-12-23T10:33:40+00:00\",\"mainEntityOfPage\":{\"@id\":\"https:\/\/muraplast.com\/de\/muraplast-auf-der-fachpack-2025\/#webpage\"},\"wordCount\":57,\"publisher\":{\"@id\":\"https:\/\/muraplast.com\/en\/#organization\"},\"image\":{\"@id\":\"https:\/\/muraplast.com\/de\/muraplast-auf-der-fachpack-2025\/#primaryimage\"},\"thumbnailUrl\":\"https:\/\/muraplast.com\/wp-content\/uploads\/2025\/09\/Muraplast-na-sajmu-Fachpack-2025-a.jpg\",\"articleSection\":[\"Neuigkeiten\"],\"inLanguage\":\"de\"},{\"@type\":\"Person\",\"@id\":\"https:\/\/muraplast.com\/en\/#\/schema\/person\/5131bac640fb10138c9672d6dfa80def\",\"name\":\"Marko Kedmenec\",\"image\":{\"@type\":\"ImageObject\",\"@id\":\"https:\/\/muraplast.com\/en\/#personlogo\",\"inLanguage\":\"de\",\"url\":\"https:\/\/secure.gravatar.com\/avatar\/ad4de81afafbc7cffcf771cc359d7802a110ec122bd9f99f8dc06901bfb6a3ba?s=96&d=mm&r=g\",\"contentUrl\":\"https:\/\/secure.gravatar.com\/avatar\/ad4de81afafbc7cffcf771cc359d7802a110ec122bd9f99f8dc06901bfb6a3ba?s=96&d=mm&r=g\",\"caption\":\"Marko Kedmenec\"},\"url\":\"https:\/\/muraplast.com\/de\/author\/marko\/\"}]}<\/script>\n<!-- \/ Yoast SEO plugin. -->","yoast_head_json":{"title":"Muraplast auf der Fachpack 2025 | Muraplast d.o.o.","robots":{"index":"index","follow":"follow","max-snippet":"max-snippet:-1","max-image-preview":"max-image-preview:large","max-video-preview":"max-video-preview:-1"},"canonical":"https:\/\/muraplast.com\/de\/muraplast-auf-der-fachpack-2025\/","og_locale":"de_DE","og_type":"article","og_title":"Muraplast auf der Fachpack 2025 | Muraplast d.o.o.","og_description":"Wir freuen uns, Sie auf der FachPack 2025 \u2013 der europ\u00e4ischen Fachmesse f\u00fcr Verpackung, Technik und Prozesse \u2013 vom 23. bis 25. September 2025 in N\u00fcrnberg, Deutschland begr\u00fc\u00dfen zu d\u00fcrfen. Besuchen Sie uns in Halle 4, Stand 309, lernen Sie unser Team kennen und entdecken Sie, wie wir gemeinsam mit Verpackungen einen Unterschied machen k\u00f6nnen.","og_url":"https:\/\/muraplast.com\/de\/muraplast-auf-der-fachpack-2025\/","og_site_name":"Muraplast d.o.o.","article_published_time":"2025-09-15T13:04:50+00:00","article_modified_time":"2025-12-23T10:33:40+00:00","og_image":[{"width":1100,"height":687,"url":"https:\/\/muraplast.com\/wp-content\/uploads\/2025\/09\/Muraplast-na-sajmu-Fachpack-2025-a.jpg","type":"image\/jpeg"}],"twitter_card":"summary_large_image","twitter_misc":{"Verfasst von":"Marko Kedmenec"},"schema":{"@context":"https:\/\/schema.org","@graph":[{"@type":"Organization","@id":"https:\/\/muraplast.com\/en\/#organization","name":"Muraplast","url":"https:\/\/muraplast.com\/en\/","sameAs":[],"logo":{"@type":"ImageObject","@id":"https:\/\/muraplast.com\/en\/#logo","inLanguage":"de","url":"https:\/\/muraplast.com\/wp-content\/uploads\/2021\/07\/Muraplast-logo.png","contentUrl":"https:\/\/muraplast.com\/wp-content\/uploads\/2021\/07\/Muraplast-logo.png","width":141,"height":93,"caption":"Muraplast"},"image":{"@id":"https:\/\/muraplast.com\/en\/#logo"}},{"@type":"WebSite","@id":"https:\/\/muraplast.com\/en\/#website","url":"https:\/\/muraplast.com\/en\/","name":"Muraplast d.o.o.","description":"ekstruzija, fleksotisak, konverzija","publisher":{"@id":"https:\/\/muraplast.com\/en\/#organization"},"potentialAction":[{"@type":"SearchAction","target":{"@type":"EntryPoint","urlTemplate":"https:\/\/muraplast.com\/en\/?s={search_term_string}"},"query-input":"required name=search_term_string"}],"inLanguage":"de"},{"@type":"ImageObject","@id":"https:\/\/muraplast.com\/de\/muraplast-auf-der-fachpack-2025\/#primaryimage","inLanguage":"de","url":"https:\/\/muraplast.com\/wp-content\/uploads\/2025\/09\/Muraplast-na-sajmu-Fachpack-2025-a.jpg","contentUrl":"https:\/\/muraplast.com\/wp-content\/uploads\/2025\/09\/Muraplast-na-sajmu-Fachpack-2025-a.jpg","width":1100,"height":687},{"@type":"WebPage","@id":"https:\/\/muraplast.com\/de\/muraplast-auf-der-fachpack-2025\/#webpage","url":"https:\/\/muraplast.com\/de\/muraplast-auf-der-fachpack-2025\/","name":"Muraplast auf der Fachpack 2025 | Muraplast d.o.o.","isPartOf":{"@id":"https:\/\/muraplast.com\/en\/#website"},"primaryImageOfPage":{"@id":"https:\/\/muraplast.com\/de\/muraplast-auf-der-fachpack-2025\/#primaryimage"},"datePublished":"2025-09-15T13:04:50+00:00","dateModified":"2025-12-23T10:33:40+00:00","breadcrumb":{"@id":"https:\/\/muraplast.com\/de\/muraplast-auf-der-fachpack-2025\/#breadcrumb"},"inLanguage":"de","potentialAction":[{"@type":"ReadAction","target":["https:\/\/muraplast.com\/de\/muraplast-auf-der-fachpack-2025\/"]}]},{"@type":"BreadcrumbList","@id":"https:\/\/muraplast.com\/de\/muraplast-auf-der-fachpack-2025\/#breadcrumb","itemListElement":[{"@type":"ListItem","position":1,"name":"Po\u010detna stranica","item":"https:\/\/muraplast.com\/de\/"},{"@type":"ListItem","position":2,"name":"Muraplast auf der Fachpack 2025"}]},{"@type":"Article","@id":"https:\/\/muraplast.com\/de\/muraplast-auf-der-fachpack-2025\/#article","isPartOf":{"@id":"https:\/\/muraplast.com\/de\/muraplast-auf-der-fachpack-2025\/#webpage"},"author":{"@id":"https:\/\/muraplast.com\/en\/#\/schema\/person\/5131bac640fb10138c9672d6dfa80def"},"headline":"Muraplast auf der Fachpack 2025","datePublished":"2025-09-15T13:04:50+00:00","dateModified":"2025-12-23T10:33:40+00:00","mainEntityOfPage":{"@id":"https:\/\/muraplast.com\/de\/muraplast-auf-der-fachpack-2025\/#webpage"},"wordCount":57,"publisher":{"@id":"https:\/\/muraplast.com\/en\/#organization"},"image":{"@id":"https:\/\/muraplast.com\/de\/muraplast-auf-der-fachpack-2025\/#primaryimage"},"thumbnailUrl":"https:\/\/muraplast.com\/wp-content\/uploads\/2025\/09\/Muraplast-na-sajmu-Fachpack-2025-a.jpg","articleSection":["Neuigkeiten"],"inLanguage":"de"},{"@type":"Person","@id":"https:\/\/muraplast.com\/en\/#\/schema\/person\/5131bac640fb10138c9672d6dfa80def","name":"Marko Kedmenec","image":{"@type":"ImageObject","@id":"https:\/\/muraplast.com\/en\/#personlogo","inLanguage":"de","url":"https:\/\/secure.gravatar.com\/avatar\/ad4de81afafbc7cffcf771cc359d7802a110ec122bd9f99f8dc06901bfb6a3ba?s=96&d=mm&r=g","contentUrl":"https:\/\/secure.gravatar.com\/avatar\/ad4de81afafbc7cffcf771cc359d7802a110ec122bd9f99f8dc06901bfb6a3ba?s=96&d=mm&r=g","caption":"Marko Kedmenec"},"url":"https:\/\/muraplast.com\/de\/author\/marko\/"}]}},"_links":{"self":[{"href":"https:\/\/muraplast.com\/de\/wp-json\/wp\/v2\/posts\/14375","targetHints":{"allow":["GET"]}}],"collection":[{"href":"https:\/\/muraplast.com\/de\/wp-json\/wp\/v2\/posts"}],"about":[{"href":"https:\/\/muraplast.com\/de\/wp-json\/wp\/v2\/types\/post"}],"author":[{"embeddable":true,"href":"https:\/\/muraplast.com\/de\/wp-json\/wp\/v2\/users\/6"}],"replies":[{"embeddable":true,"href":"https:\/\/muraplast.com\/de\/wp-json\/wp\/v2\/comments?post=14375"}],"version-history":[{"count":1,"href":"https:\/\/muraplast.com\/de\/wp-json\/wp\/v2\/posts\/14375\/revisions"}],"predecessor-version":[{"id":14376,"href":"https:\/\/muraplast.com\/de\/wp-json\/wp\/v2\/posts\/14375\/revisions\/14376"}],"wp:featuredmedia":[{"embeddable":true,"href":"https:\/\/muraplast.com\/de\/wp-json\/wp\/v2\/media\/14370"}],"wp:attachment":[{"href":"https:\/\/muraplast.com\/de\/wp-json\/wp\/v2\/media?parent=14375"}],"wp:term":[{"taxonomy":"category","embeddable":true,"href":"https:\/\/muraplast.com\/de\/wp-json\/wp\/v2\/categories?post=14375"},{"taxonomy":"post_tag","embeddable":true,"href":"https:\/\/muraplast.com\/de\/wp-json\/wp\/v2\/tags?post=14375"}],"curies":[{"name":"wp","href":"https:\/\/api.w.org\/{rel}","templated":true}]}}